{"id":1321,"date":"2006-10-31T18:14:43","date_gmt":"2006-10-31T18:14:43","guid":{"rendered":"https:\/\/2006.justiciaparaoaxaca.net\/?p=1321"},"modified":"2012-02-24T18:17:38","modified_gmt":"2012-02-24T18:17:38","slug":"cidh-urge-al-pleno-respeto-a-los-derechos-humanos-y-el-fin-de-la-violencia-en-oaxaca","status":"publish","type":"post","link":"https:\/\/2006.justiciaparaoaxaca.net\/?p=1321","title":{"rendered":"CIDH URGE AL PLENO RESPETO A LOS DERECHOS HUMANOS Y EL FIN DE LA VIOLENCIA EN OAXACA"},"content":{"rendered":"<p><strong>\u00a0<\/strong>La Comisi\u00f3n Interamericana de Derechos Humanos (CIDH) expresa su profunda preocupaci\u00f3n por los hechos violentos registrados estos \u00faltimos d\u00edas en el Estado de Oaxaca, M\u00e9xico, y lamenta que como consecuencia hayan muerto varias personas y otras hayan resultado heridas. La Comisi\u00f3n Interamericana ha recibido informaci\u00f3n acerca de personas que habr\u00edan sido detenidas presuntamente por fuerzas policiales, de las cuales se ignora su paradero.<\/p>\n<p>Consulte el <a href=\"https:\/\/2006.justiciaparaoaxaca.net\/wp-content\/uploads\/2012\/02\/COMUNICADO-DE-PRENSA.CIDHoct-31-06.pdf\">COMUNICADO DE PRENSA.CIDH<\/a><\/p>\n","protected":false},"excerpt":{"rendered":"<p>\u00a0La Comisi\u00f3n Interamericana de Derechos Humanos (CIDH) expresa su profunda preocupaci\u00f3n por los hechos violentos registrados estos \u00faltimos d\u00edas en el Estado de Oaxaca, M\u00e9xico, y lamenta que como consecuencia hayan muerto varias personas y otras hayan resultado heridas. La &hellip;<\/p>\n<p class=\"read-more\"> <a class=\"more-link\" href=\"https:\/\/2006.justiciaparaoaxaca.net\/?p=1321\"> <span class=\"screen-reader-text\">CIDH URGE AL PLENO RESPETO A LOS DERECHOS HUMANOS Y EL FIN DE LA VIOLENCIA EN OAXACA<\/span> Leer m\u00e1s \u00bb<\/a><\/p>\n","protected":false},"author":2,"featured_media":0,"comment_status":"closed","ping_status":"closed","sticky":false,"template":"","format":"standard","meta":{"footnotes":""},"categories":[16,1,14],"tags":[26,45,61],"class_list":["post-1321","post","type-post","status-publish","format-standard","hentry","category-16","category-archivo","category-comunicados","tag-autoritarismo","tag-derechos-humanos","tag-movimiento-social"],"_links":{"self":[{"href":"https:\/\/2006.justiciaparaoaxaca.net\/index.php?rest_route=\/wp\/v2\/posts\/1321","targetHints":{"allow":["GET"]}}],"collection":[{"href":"https:\/\/2006.justiciaparaoaxaca.net\/index.php?rest_route=\/wp\/v2\/posts"}],"about":[{"href":"https:\/\/2006.justiciaparaoaxaca.net\/index.php?rest_route=\/wp\/v2\/types\/post"}],"author":[{"embeddable":true,"href":"https:\/\/2006.justiciaparaoaxaca.net\/index.php?rest_route=\/wp\/v2\/users\/2"}],"replies":[{"embeddable":true,"href":"https:\/\/2006.justiciaparaoaxaca.net\/index.php?rest_route=%2Fwp%2Fv2%2Fcomments&post=1321"}],"version-history":[{"count":1,"href":"https:\/\/2006.justiciaparaoaxaca.net\/index.php?rest_route=\/wp\/v2\/posts\/1321\/revisions"}],"predecessor-version":[{"id":1323,"href":"https:\/\/2006.justiciaparaoaxaca.net\/index.php?rest_route=\/wp\/v2\/posts\/1321\/revisions\/1323"}],"wp:attachment":[{"href":"https:\/\/2006.justiciaparaoaxaca.net\/index.php?rest_route=%2Fwp%2Fv2%2Fmedia&parent=1321"}],"wp:term":[{"taxonomy":"category","embeddable":true,"href":"https:\/\/2006.justiciaparaoaxaca.net\/index.php?rest_route=%2Fwp%2Fv2%2Fcategories&post=1321"},{"taxonomy":"post_tag","embeddable":true,"href":"https:\/\/2006.justiciaparaoaxaca.net\/index.php?rest_route=%2Fwp%2Fv2%2Ftags&post=1321"}],"curies":[{"name":"wp","href":"https:\/\/api.w.org\/{rel}","templated":true}]}}