{"id":2478,"date":"2006-06-20T20:52:51","date_gmt":"2006-06-20T20:52:51","guid":{"rendered":"https:\/\/2006.justiciaparaoaxaca.net\/?p=2478"},"modified":"2012-12-19T18:21:50","modified_gmt":"2012-12-19T18:21:50","slug":"manifiestan-ong%c2%b4s-vulneracion-de-derechos-humanos-por-el-gobierno","status":"publish","type":"post","link":"https:\/\/2006.justiciaparaoaxaca.net\/?p=2478","title":{"rendered":"Manifiestan ONG\u00b4s vulneraci\u00f3n de derechos humanos por el gobierno."},"content":{"rendered":"<p>Diversas organizaciones de derechos humanos manifestaron ayer su preocupaci\u00f3n por la vulneraci\u00f3n del Estado de derecho en la entidad y las m\u00faltiples violaciones a las garant\u00edas individuales de maestros, alumnos y el pueblo en general. Adem\u00e1s advirtieron que en su af\u00e1n de contrarrestar el creciente repudio que cada d\u00eda crece m\u00e1s, \u201cel gobernador (Ulises Ruiz Ortiz) est\u00e1 convocando a trav\u00e9s de las estructuras corporativas de su partido y diferentes grupos pol\u00edticos y econ\u00f3micos afines a una marcha para el d\u00eda jueves, con una clara intenci\u00f3n de enfrentar a una parte de la sociedad oaxaque\u00f1a\u201d.<\/p>\n<p><!--more--><\/p>\n<p>En conferencia de prensa representantes de la Red Oaxaque\u00f1a de Derechos Humanos, Red Nacional de Organismos Civiles\u00a0 de Derechos Humanos \u201cTodos los derechos para todos y todas\u201d, centro de atenci\u00f3n y asesor\u00eda jur\u00eddica Integral, Liga Mexicana por la Defensa de los Derechos Humanos, Centro de Derechos Humanos Tepeyac y Academia Mexicana de Derechos Humanos, ofrecieron un saldo preliminar del intento de desalojo del pasado 14 de junio: 192 personas atendidas en la Cruz Roja, 19 personas internadas en el ISSSTE y 34 en el IMSS.<\/p>\n<p>A trav\u00e9s de la secretaria t\u00e9cnica de la Red Oaxaque\u00f1a de Derechos Humanos, Sara M\u00e9ndez Morales expresaron su rechazo al excesivo uso y abuso del poder con que el gobierno del estado ha tratado las justas y leg\u00edtimas demandas del magisterio. \u201cCon una total falta de voluntad pol\u00edtica y capacidad negociadora que ha dado como resultado m\u00faltiples violaciones a los derechos humanos: derecho a la educaci\u00f3n, derecho de petici\u00f3n, derecho a la integridad y seguridad personal, abuso de autoridad, eso excesivo de la fuerza, detenci\u00f3n ilegal, garant\u00edas judiciales, pisoteando la legislaci\u00f3n nacional e internacional en esta materia\u201d.<\/p>\n<p>M\u00e9ndez Morales subray\u00f3 que les preocupa tambi\u00e9n la insistente criminalizaci\u00f3n que los tres poderes del estado han querido hacer de la lucha magisterial, \u201cas\u00ed como la intimidaci\u00f3n de los medios de comunicaci\u00f3n y comunicadores\/as que se han atrevido a dar una versi\u00f3n de los hechos opuesta a la oficial, al dar voz a la poblaci\u00f3n en general. Nos preocupa tambi\u00e9n la intimidaci\u00f3n en contra de los defensores de derechos humanos y no podemos pasar por alto lo sucedido a Mauricio Santiago de CEDHAPI cuyo lugar de trabajo fue allanado\u201d.<\/p>\n<p>Subray\u00f3 que ante los \u00faltimos acontecimientos han pedido el seguimiento de Brigadas Internacionales de Paz, organismo internacional no gubernamental que brinda acompa\u00f1amiento a defensores de derechos humanos en riesgo; \u201cdurante varios d\u00edas estar\u00e1 verificando la situaci\u00f3n que guardan los derechos humanos y la seguridad de los defensores y defensoras\u201d. Expres\u00f3 que ante la incapacidad mostrada para resolver las demandas de la ciudadan\u00eda teniendo la represi\u00f3n como \u00fanica respuesta, \u201chacen a Ulises Ruiz Ortiz un riesgo permanente en contra de los derechos humanos de los oaxaque\u00f1os. Consideramos que deber\u00eda renunciar o que el gobierno federal decrete desaparici\u00f3n de poderes en el estado\u201d.<\/p>\n<p>Fuente: Luis Ignacio Vel\u00e1squez, NOTICIAS, 10A.<\/p>\n","protected":false},"excerpt":{"rendered":"<p>Diversas organizaciones de derechos humanos manifestaron ayer su preocupaci\u00f3n por la vulneraci\u00f3n del Estado de derecho en la entidad y las m\u00faltiples violaciones a las garant\u00edas individuales de maestros, alumnos y el pueblo en general. Adem\u00e1s advirtieron que en su &hellip;<\/p>\n<p class=\"read-more\"> <a class=\"more-link\" href=\"https:\/\/2006.justiciaparaoaxaca.net\/?p=2478\"> <span class=\"screen-reader-text\">Manifiestan ONG\u00b4s vulneraci\u00f3n de derechos humanos por el gobierno.<\/span> Leer m\u00e1s \u00bb<\/a><\/p>\n","protected":false},"author":2,"featured_media":0,"comment_status":"closed","ping_status":"closed","sticky":false,"template":"","format":"standard","meta":{"footnotes":""},"categories":[16,1,3,94],"tags":[41,45],"class_list":["post-2478","post","type-post","status-publish","format-standard","hentry","category-16","category-archivo","category-cronologias","category-junio","tag-ciudadanos","tag-derechos-humanos"],"_links":{"self":[{"href":"https:\/\/2006.justiciaparaoaxaca.net\/index.php?rest_route=\/wp\/v2\/posts\/2478","targetHints":{"allow":["GET"]}}],"collection":[{"href":"https:\/\/2006.justiciaparaoaxaca.net\/index.php?rest_route=\/wp\/v2\/posts"}],"about":[{"href":"https:\/\/2006.justiciaparaoaxaca.net\/index.php?rest_route=\/wp\/v2\/types\/post"}],"author":[{"embeddable":true,"href":"https:\/\/2006.justiciaparaoaxaca.net\/index.php?rest_route=\/wp\/v2\/users\/2"}],"replies":[{"embeddable":true,"href":"https:\/\/2006.justiciaparaoaxaca.net\/index.php?rest_route=%2Fwp%2Fv2%2Fcomments&post=2478"}],"version-history":[{"count":2,"href":"https:\/\/2006.justiciaparaoaxaca.net\/index.php?rest_route=\/wp\/v2\/posts\/2478\/revisions"}],"predecessor-version":[{"id":2560,"href":"https:\/\/2006.justiciaparaoaxaca.net\/index.php?rest_route=\/wp\/v2\/posts\/2478\/revisions\/2560"}],"wp:attachment":[{"href":"https:\/\/2006.justiciaparaoaxaca.net\/index.php?rest_route=%2Fwp%2Fv2%2Fmedia&parent=2478"}],"wp:term":[{"taxonomy":"category","embeddable":true,"href":"https:\/\/2006.justiciaparaoaxaca.net\/index.php?rest_route=%2Fwp%2Fv2%2Fcategories&post=2478"},{"taxonomy":"post_tag","embeddable":true,"href":"https:\/\/2006.justiciaparaoaxaca.net\/index.php?rest_route=%2Fwp%2Fv2%2Ftags&post=2478"}],"curies":[{"name":"wp","href":"https:\/\/api.w.org\/{rel}","templated":true}]}}