{"id":2963,"date":"2006-09-01T23:32:35","date_gmt":"2006-09-01T23:32:35","guid":{"rendered":"https:\/\/2006.justiciaparaoaxaca.net\/?p=2963"},"modified":"2013-01-09T20:08:21","modified_gmt":"2013-01-09T20:08:21","slug":"armados-de-sierra-juarez-obra-teatral-de-mal-gusto","status":"publish","type":"post","link":"https:\/\/2006.justiciaparaoaxaca.net\/?p=2963","title":{"rendered":"Armados de Sierra Ju\u00e1rez, \u201cobra teatral de mal gusto\u201d"},"content":{"rendered":"<p>La aparici\u00f3n de un grupo de armados vestidos de militares sobre la carretera a Guelatao, es una obra teatral de mal gusto, pero con el perverso inter\u00e9s de involucrar a nuestra regi\u00f3n con presuntos guerrilleros y de justificar la incursi\u00f3n del Ej\u00e9rcito Mexicano en la misma \u2013 lo concibe el presidente municipal de Ixtl\u00e1n de Ju\u00e1rez, Francisco Santiago Aquino, y agrega que los pueblos serranos reprueban este nuevo atropello a la memoria de Benito Ju\u00e1rez, nuestro hermano mayor, en el Bicentenario de su nacimiento.<\/p>\n<p><!--more--><\/p>\n<p>Ante est\u00e1 ofensiva a una regi\u00f3n pacifista por siempre, pese a que sufre m\u00e1s de 50 a\u00f1os de abandono \u2013 caso concreto su carretera \u2013 los 26 municipios hermanos que integran la Uni\u00f3n Liberal de Ayuntamientos de Ixtl\u00e1n, realizaran una asamblea general en la que incluir\u00e1n este tema como uno de los puntos centrales. Para el mun\u00edcipe, no lograr\u00e1n ni generar psicosis en la poblaci\u00f3n, ni entorpecerle el di\u00e1logo que mantienen en la ciudad de M\u00e9xico, las representaciones del magisterio y de la APPO y el Secretario de Gobernaci\u00f3n Carlos Abascal Carranza y mucho menos lograr\u00e1n militarizar nuestra regi\u00f3n.<\/p>\n<p>Fuente: NOTICIAS, 8A, Reynaldo Bracamontes, S\u00e1bado 2 de septiembre, 2006<\/p>\n","protected":false},"excerpt":{"rendered":"<p>La aparici\u00f3n de un grupo de armados vestidos de militares sobre la carretera a Guelatao, es una obra teatral de mal gusto, pero con el perverso inter\u00e9s de involucrar a nuestra regi\u00f3n con presuntos guerrilleros y de justificar la incursi\u00f3n &hellip;<\/p>\n<p class=\"read-more\"> <a class=\"more-link\" href=\"https:\/\/2006.justiciaparaoaxaca.net\/?p=2963\"> <span class=\"screen-reader-text\">Armados de Sierra Ju\u00e1rez, \u201cobra teatral de mal gusto\u201d<\/span> Leer m\u00e1s \u00bb<\/a><\/p>\n","protected":false},"author":2,"featured_media":0,"comment_status":"closed","ping_status":"closed","sticky":false,"template":"","format":"standard","meta":{"footnotes":""},"categories":[16,1,3,98],"tags":[26,41,64,54],"class_list":["post-2963","post","type-post","status-publish","format-standard","hentry","category-16","category-archivo","category-cronologias","category-septiembre","tag-autoritarismo","tag-ciudadanos","tag-ingobernabilidad","tag-sierra-norte"],"_links":{"self":[{"href":"https:\/\/2006.justiciaparaoaxaca.net\/index.php?rest_route=\/wp\/v2\/posts\/2963","targetHints":{"allow":["GET"]}}],"collection":[{"href":"https:\/\/2006.justiciaparaoaxaca.net\/index.php?rest_route=\/wp\/v2\/posts"}],"about":[{"href":"https:\/\/2006.justiciaparaoaxaca.net\/index.php?rest_route=\/wp\/v2\/types\/post"}],"author":[{"embeddable":true,"href":"https:\/\/2006.justiciaparaoaxaca.net\/index.php?rest_route=\/wp\/v2\/users\/2"}],"replies":[{"embeddable":true,"href":"https:\/\/2006.justiciaparaoaxaca.net\/index.php?rest_route=%2Fwp%2Fv2%2Fcomments&post=2963"}],"version-history":[{"count":5,"href":"https:\/\/2006.justiciaparaoaxaca.net\/index.php?rest_route=\/wp\/v2\/posts\/2963\/revisions"}],"predecessor-version":[{"id":3002,"href":"https:\/\/2006.justiciaparaoaxaca.net\/index.php?rest_route=\/wp\/v2\/posts\/2963\/revisions\/3002"}],"wp:attachment":[{"href":"https:\/\/2006.justiciaparaoaxaca.net\/index.php?rest_route=%2Fwp%2Fv2%2Fmedia&parent=2963"}],"wp:term":[{"taxonomy":"category","embeddable":true,"href":"https:\/\/2006.justiciaparaoaxaca.net\/index.php?rest_route=%2Fwp%2Fv2%2Fcategories&post=2963"},{"taxonomy":"post_tag","embeddable":true,"href":"https:\/\/2006.justiciaparaoaxaca.net\/index.php?rest_route=%2Fwp%2Fv2%2Ftags&post=2963"}],"curies":[{"name":"wp","href":"https:\/\/api.w.org\/{rel}","templated":true}]}}