{"id":2969,"date":"2006-09-02T18:38:04","date_gmt":"2006-09-02T18:38:04","guid":{"rendered":"https:\/\/2006.justiciaparaoaxaca.net\/?p=2969"},"modified":"2013-01-09T20:16:05","modified_gmt":"2013-01-09T20:16:05","slug":"bodegueros-con-el-movimiento-popular","status":"publish","type":"post","link":"https:\/\/2006.justiciaparaoaxaca.net\/?p=2969","title":{"rendered":"Bodegueros con el movimiento popular"},"content":{"rendered":"<p>Bodegueros explicaron que con el cierre de bodegas por espacio de tres d\u00edas, a partir del pasado jueves, el gremio demostr\u00f3 su solidaridad con el movimiento popular. Afirma Francisco Berist\u00e1in que el movimiento de los bodegueros es limpio, al margen de partidos pol\u00edticos, la Secci\u00f3n 22 del SNTE y de la APPO.<\/p>\n<p>Fuente: EL IMPARCIAL, 4A, Mario Gir\u00f3n, Domingo 3 de septiembre de 2006<\/p>\n<p><strong>Exigen a la APPO devolver las radios <\/strong><\/p>\n<p><!--more--><\/p>\n<p>A pesar de insistir ante el Gobierno Federal en su intervenci\u00f3n para recuperar las estaciones de radio tomadas por la APPO y del magisterio desde el pasado 21 de agosto, hasta el momento todo sigue igual. Las instalaciones de las radiodifusoras XEAX, XEZB y XHNR FM, siguen en poder de estos grupos sin que el gobierno federal a trav\u00e9s de la Secretaria de Gobernaci\u00f3n haya logrado la devoluci\u00f3n a sus propietarios.<\/p>\n<p>Fuente: EL IMPARCIAL, 4A, Humberto Torres R. Domingo 3 de septiembre de 2006<\/p>\n<style type=\"text\/css\"><!--\n@page { margin: 2cm }\n\t\tP { margin-bottom: 0.21cm }\n--><\/style>\n<p><strong>Piden no dejarse enga\u00f1ar por supuestos grupos paramilitares<\/strong><\/p>\n<p>El representante del Movimiento Social de Izquierda, Ranferi Hern\u00e1ndez Acevedo, pidi\u00f3 al magisterio y a la APPO cuidar mucho este movimiento para que no se desv\u00ede de su demanda central que es la salida de Ulises Ruiz Ortiz. Y no se dejen sorprender por falsos l\u00edderes con discursos de izquierda o supuestos grupos armados.<\/p>\n<p>Fuente: NOTICIAS, 4A, Pedro Mat\u00edas, Domingo 3 de septiembre de 2006<\/p>\n","protected":false},"excerpt":{"rendered":"<p>Bodegueros explicaron que con el cierre de bodegas por espacio de tres d\u00edas, a partir del pasado jueves, el gremio demostr\u00f3 su solidaridad con el movimiento popular. Afirma Francisco Berist\u00e1in que el movimiento de los bodegueros es limpio, al margen &hellip;<\/p>\n<p class=\"read-more\"> <a class=\"more-link\" href=\"https:\/\/2006.justiciaparaoaxaca.net\/?p=2969\"> <span class=\"screen-reader-text\">Bodegueros con el movimiento popular<\/span> Leer m\u00e1s \u00bb<\/a><\/p>\n","protected":false},"author":2,"featured_media":0,"comment_status":"closed","ping_status":"closed","sticky":false,"template":"","format":"standard","meta":{"footnotes":""},"categories":[16,96,1,3,98],"tags":[50,41,64,61,52],"class_list":["post-2969","post","type-post","status-publish","format-standard","hentry","category-16","category-agosto","category-archivo","category-cronologias","category-septiembre","tag-appo","tag-ciudadanos","tag-ingobernabilidad","tag-movimiento-social","tag-radios"],"_links":{"self":[{"href":"https:\/\/2006.justiciaparaoaxaca.net\/index.php?rest_route=\/wp\/v2\/posts\/2969","targetHints":{"allow":["GET"]}}],"collection":[{"href":"https:\/\/2006.justiciaparaoaxaca.net\/index.php?rest_route=\/wp\/v2\/posts"}],"about":[{"href":"https:\/\/2006.justiciaparaoaxaca.net\/index.php?rest_route=\/wp\/v2\/types\/post"}],"author":[{"embeddable":true,"href":"https:\/\/2006.justiciaparaoaxaca.net\/index.php?rest_route=\/wp\/v2\/users\/2"}],"replies":[{"embeddable":true,"href":"https:\/\/2006.justiciaparaoaxaca.net\/index.php?rest_route=%2Fwp%2Fv2%2Fcomments&post=2969"}],"version-history":[{"count":2,"href":"https:\/\/2006.justiciaparaoaxaca.net\/index.php?rest_route=\/wp\/v2\/posts\/2969\/revisions"}],"predecessor-version":[{"id":3011,"href":"https:\/\/2006.justiciaparaoaxaca.net\/index.php?rest_route=\/wp\/v2\/posts\/2969\/revisions\/3011"}],"wp:attachment":[{"href":"https:\/\/2006.justiciaparaoaxaca.net\/index.php?rest_route=%2Fwp%2Fv2%2Fmedia&parent=2969"}],"wp:term":[{"taxonomy":"category","embeddable":true,"href":"https:\/\/2006.justiciaparaoaxaca.net\/index.php?rest_route=%2Fwp%2Fv2%2Fcategories&post=2969"},{"taxonomy":"post_tag","embeddable":true,"href":"https:\/\/2006.justiciaparaoaxaca.net\/index.php?rest_route=%2Fwp%2Fv2%2Ftags&post=2969"}],"curies":[{"name":"wp","href":"https:\/\/api.w.org\/{rel}","templated":true}]}}