{"id":3175,"date":"2006-09-13T23:09:08","date_gmt":"2006-09-13T23:09:08","guid":{"rendered":"https:\/\/2006.justiciaparaoaxaca.net\/?p=3175"},"modified":"2013-01-14T18:23:51","modified_gmt":"2013-01-14T18:23:51","slug":"receso-del-senado-sobre-oaxaca","status":"publish","type":"post","link":"https:\/\/2006.justiciaparaoaxaca.net\/?p=3175","title":{"rendered":"Receso del Senado sobre Oaxaca"},"content":{"rendered":"<p>La junta de Coordinaci\u00f3n Pol\u00edtica del Senado decret\u00f3 esta noche un receso, para reiniciar actividades ma\u00f1ana jueves (14) a las 10:00 con el fin de definir si aprueba o no, crear una Comisi\u00f3n que investigue el caso de Oaxaca.<\/p>\n<p>Fuente: NOTICIAS, 1A\/, EL UNIVERSAL, septiembre 13 de 2006<\/p>\n<style type=\"text\/css\"><!--\n@page { margin: 2cm }\n\t\tP { margin-bottom: 0.21cm }\n--><\/style>\n<p><strong>Exige APPO afuera del Senado la destituci\u00f3n de Ulises Ruiz<\/strong><\/p>\n<p><!--more--><\/p>\n<p>Integrantes de la APPO se manifestaron esta tarde a las afueras del Senado de la Rep\u00fablica para exigir la destituci\u00f3n del gobernador oaxaque\u00f1o, el prisita Ulises Ruiz. El grupo, del alrededor 40 personas, hizo un llamado a los senadores de la rep\u00fablica a revisar el expediente del caso de Oaxaca y cumplir con sus funcionarios para que decreten la desaparici\u00f3n de poderes en esa entidad. Seg\u00fan los manifestantes, existen las condiciones para que el Senado decrete la salida de Ulises Ruiz y se encuentre una soluci\u00f3n al conflicto.<\/p>\n<p>Fuente: NOTICIAS, 8A, jueves 14 de septiembre de 2006, EL UNIVERSAL, 13 de septiembre de 2006<\/p>\n","protected":false},"excerpt":{"rendered":"<p>La junta de Coordinaci\u00f3n Pol\u00edtica del Senado decret\u00f3 esta noche un receso, para reiniciar actividades ma\u00f1ana jueves (14) a las 10:00 con el fin de definir si aprueba o no, crear una Comisi\u00f3n que investigue el caso de Oaxaca. Fuente: &hellip;<\/p>\n<p class=\"read-more\"> <a class=\"more-link\" href=\"https:\/\/2006.justiciaparaoaxaca.net\/?p=3175\"> <span class=\"screen-reader-text\">Receso del Senado sobre Oaxaca<\/span> Leer m\u00e1s \u00bb<\/a><\/p>\n","protected":false},"author":2,"featured_media":0,"comment_status":"closed","ping_status":"closed","sticky":false,"template":"","format":"standard","meta":{"footnotes":""},"categories":[96,1,3,98],"tags":[50,40,77],"class_list":["post-3175","post","type-post","status-publish","format-standard","hentry","category-agosto","category-archivo","category-cronologias","category-septiembre","tag-appo","tag-gobierno-federal","tag-senado"],"_links":{"self":[{"href":"https:\/\/2006.justiciaparaoaxaca.net\/index.php?rest_route=\/wp\/v2\/posts\/3175","targetHints":{"allow":["GET"]}}],"collection":[{"href":"https:\/\/2006.justiciaparaoaxaca.net\/index.php?rest_route=\/wp\/v2\/posts"}],"about":[{"href":"https:\/\/2006.justiciaparaoaxaca.net\/index.php?rest_route=\/wp\/v2\/types\/post"}],"author":[{"embeddable":true,"href":"https:\/\/2006.justiciaparaoaxaca.net\/index.php?rest_route=\/wp\/v2\/users\/2"}],"replies":[{"embeddable":true,"href":"https:\/\/2006.justiciaparaoaxaca.net\/index.php?rest_route=%2Fwp%2Fv2%2Fcomments&post=3175"}],"version-history":[{"count":2,"href":"https:\/\/2006.justiciaparaoaxaca.net\/index.php?rest_route=\/wp\/v2\/posts\/3175\/revisions"}],"predecessor-version":[{"id":3181,"href":"https:\/\/2006.justiciaparaoaxaca.net\/index.php?rest_route=\/wp\/v2\/posts\/3175\/revisions\/3181"}],"wp:attachment":[{"href":"https:\/\/2006.justiciaparaoaxaca.net\/index.php?rest_route=%2Fwp%2Fv2%2Fmedia&parent=3175"}],"wp:term":[{"taxonomy":"category","embeddable":true,"href":"https:\/\/2006.justiciaparaoaxaca.net\/index.php?rest_route=%2Fwp%2Fv2%2Fcategories&post=3175"},{"taxonomy":"post_tag","embeddable":true,"href":"https:\/\/2006.justiciaparaoaxaca.net\/index.php?rest_route=%2Fwp%2Fv2%2Ftags&post=3175"}],"curies":[{"name":"wp","href":"https:\/\/api.w.org\/{rel}","templated":true}]}}