{"id":3201,"date":"2006-09-14T00:24:35","date_gmt":"2006-09-14T00:24:35","guid":{"rendered":"https:\/\/2006.justiciaparaoaxaca.net\/?p=3201"},"modified":"2013-01-14T19:25:58","modified_gmt":"2013-01-14T19:25:58","slug":"se-repliega-appo-por-fiestas-patrias","status":"publish","type":"post","link":"https:\/\/2006.justiciaparaoaxaca.net\/?p=3201","title":{"rendered":"Se repliega APPO por fiestas patrias"},"content":{"rendered":"<p>La APPO acord\u00f3 retirar los campamentos localizados en el z\u00f3calo, as\u00ed como las barricadas en la mayor parte de la capital para permitir la celebraci\u00f3n de los festejos patrios. En improvisada conferencia de prensa, dio por iniciados los trabajos de limpieza del Centro Hist\u00f3rico, principalmente de las pintas hechas en bardas y cantera de jardineras en el z\u00f3calo.<\/p>\n<p>Fuente: EL IMPARCIAL, 4A, Carlos Alberto Hern\u00e1ndez, viernes 15 de septiembre de 2006<\/p>\n<p><strong>Piden a sociedad no hacer justicia con propia mano<\/strong><\/p>\n<p><!--more--><\/p>\n<p>La Procuradora General de Justicia del Estado, Lizbeth Ca\u00f1a Cadeza, solicit\u00f3 a la ciudadan\u00eda abstenerse de \u201chacerse justicia por ellos mismos\u201d, y poner a disposici\u00f3n del Ministerio P\u00fablico a los presuntos delincuentes para que inicie el procedimiento jur\u00eddico correspondiente.<\/p>\n<p>Fuente: EL IMPARCIAL, 5A, Humberto Torres R., viernes 15 de septiembre de 2006<\/p>\n","protected":false},"excerpt":{"rendered":"<p>La APPO acord\u00f3 retirar los campamentos localizados en el z\u00f3calo, as\u00ed como las barricadas en la mayor parte de la capital para permitir la celebraci\u00f3n de los festejos patrios. En improvisada conferencia de prensa, dio por iniciados los trabajos de &hellip;<\/p>\n<p class=\"read-more\"> <a class=\"more-link\" href=\"https:\/\/2006.justiciaparaoaxaca.net\/?p=3201\"> <span class=\"screen-reader-text\">Se repliega APPO por fiestas patrias<\/span> Leer m\u00e1s \u00bb<\/a><\/p>\n","protected":false},"author":2,"featured_media":0,"comment_status":"closed","ping_status":"closed","sticky":false,"template":"","format":"standard","meta":{"footnotes":""},"categories":[16,1,3,98],"tags":[50,41,70],"class_list":["post-3201","post","type-post","status-publish","format-standard","hentry","category-16","category-archivo","category-cronologias","category-septiembre","tag-appo","tag-ciudadanos","tag-lizbeth-cana-cadeza"],"_links":{"self":[{"href":"https:\/\/2006.justiciaparaoaxaca.net\/index.php?rest_route=\/wp\/v2\/posts\/3201","targetHints":{"allow":["GET"]}}],"collection":[{"href":"https:\/\/2006.justiciaparaoaxaca.net\/index.php?rest_route=\/wp\/v2\/posts"}],"about":[{"href":"https:\/\/2006.justiciaparaoaxaca.net\/index.php?rest_route=\/wp\/v2\/types\/post"}],"author":[{"embeddable":true,"href":"https:\/\/2006.justiciaparaoaxaca.net\/index.php?rest_route=\/wp\/v2\/users\/2"}],"replies":[{"embeddable":true,"href":"https:\/\/2006.justiciaparaoaxaca.net\/index.php?rest_route=%2Fwp%2Fv2%2Fcomments&post=3201"}],"version-history":[{"count":2,"href":"https:\/\/2006.justiciaparaoaxaca.net\/index.php?rest_route=\/wp\/v2\/posts\/3201\/revisions"}],"predecessor-version":[{"id":3204,"href":"https:\/\/2006.justiciaparaoaxaca.net\/index.php?rest_route=\/wp\/v2\/posts\/3201\/revisions\/3204"}],"wp:attachment":[{"href":"https:\/\/2006.justiciaparaoaxaca.net\/index.php?rest_route=%2Fwp%2Fv2%2Fmedia&parent=3201"}],"wp:term":[{"taxonomy":"category","embeddable":true,"href":"https:\/\/2006.justiciaparaoaxaca.net\/index.php?rest_route=%2Fwp%2Fv2%2Fcategories&post=3201"},{"taxonomy":"post_tag","embeddable":true,"href":"https:\/\/2006.justiciaparaoaxaca.net\/index.php?rest_route=%2Fwp%2Fv2%2Ftags&post=3201"}],"curies":[{"name":"wp","href":"https:\/\/api.w.org\/{rel}","templated":true}]}}