{"id":3400,"date":"2006-09-25T17:00:54","date_gmt":"2006-09-25T17:00:54","guid":{"rendered":"https:\/\/2006.justiciaparaoaxaca.net\/?p=3400"},"modified":"2013-01-21T21:03:13","modified_gmt":"2013-01-21T21:03:13","slug":"reaparece-el-edil-de-etla","status":"publish","type":"post","link":"https:\/\/2006.justiciaparaoaxaca.net\/?p=3400","title":{"rendered":"Reaparece el edil de Etla"},"content":{"rendered":"<p>Despu\u00e9s de 6 d\u00edas de ausencia, tras la retenci\u00f3n de seis polic\u00edas municipales (por la APPO) por golpear sin motivo el ex candidato a la Presidencia Municipal de Etla, Jorge M\u00e9ndez Ni\u00f1o, reapareci\u00f3 el edil Jos\u00e9 Manuel Ruiz Arango.<\/p>\n<p>Fuente: NOTICIAS, 4A, Reynaldo Bracamontes, martes 26 de septiembre de 2006<\/p>\n<style type=\"text\/css\"><!--\n@page { margin: 2cm }\n\t\tP { margin-bottom: 0.21cm }\n--><\/style>\n<p><strong>Alrededor de 30 mil pasajeros traslada Choferes del Sur<\/strong><\/p>\n<p><!--more--><\/p>\n<p>La empresa presta a diario servicio de transporte p\u00fablico a 30 mil pasajeros aproximadamente a partir del lunes 18 de septiembre, dijo la representante, Alejandra G\u00f3mez Cand\u00edan. La flota de veh\u00edculos circula casi cien por ciento (480 de 570 trabajando). Cabe se\u00f1alar que los urbanos de Transportes Urbanos de la Ciudad de Oaxaca (TUCDOSA), se encontraban sin laborar \u201cpues hay temor\u201d que los agremiados al SNTE, as\u00ed como la APPO, tomaron las unidades.<\/p>\n<p>Fuente: NOTICIAS, 2A, Eliza Ruiz James, martes 26 de septiembre de 2006<\/p>\n","protected":false},"excerpt":{"rendered":"<p>Despu\u00e9s de 6 d\u00edas de ausencia, tras la retenci\u00f3n de seis polic\u00edas municipales (por la APPO) por golpear sin motivo el ex candidato a la Presidencia Municipal de Etla, Jorge M\u00e9ndez Ni\u00f1o, reapareci\u00f3 el edil Jos\u00e9 Manuel Ruiz Arango. Fuente: &hellip;<\/p>\n<p class=\"read-more\"> <a class=\"more-link\" href=\"https:\/\/2006.justiciaparaoaxaca.net\/?p=3400\"> <span class=\"screen-reader-text\">Reaparece el edil de Etla<\/span> Leer m\u00e1s \u00bb<\/a><\/p>\n","protected":false},"author":2,"featured_media":0,"comment_status":"closed","ping_status":"closed","sticky":false,"template":"","format":"standard","meta":{"footnotes":""},"categories":[16,1,3,98],"tags":[37,35,34],"class_list":["post-3400","post","type-post","status-publish","format-standard","hentry","category-16","category-archivo","category-cronologias","category-septiembre","tag-empresarios","tag-municipios-2","tag-valles-centrales"],"_links":{"self":[{"href":"https:\/\/2006.justiciaparaoaxaca.net\/index.php?rest_route=\/wp\/v2\/posts\/3400","targetHints":{"allow":["GET"]}}],"collection":[{"href":"https:\/\/2006.justiciaparaoaxaca.net\/index.php?rest_route=\/wp\/v2\/posts"}],"about":[{"href":"https:\/\/2006.justiciaparaoaxaca.net\/index.php?rest_route=\/wp\/v2\/types\/post"}],"author":[{"embeddable":true,"href":"https:\/\/2006.justiciaparaoaxaca.net\/index.php?rest_route=\/wp\/v2\/users\/2"}],"replies":[{"embeddable":true,"href":"https:\/\/2006.justiciaparaoaxaca.net\/index.php?rest_route=%2Fwp%2Fv2%2Fcomments&post=3400"}],"version-history":[{"count":2,"href":"https:\/\/2006.justiciaparaoaxaca.net\/index.php?rest_route=\/wp\/v2\/posts\/3400\/revisions"}],"predecessor-version":[{"id":3402,"href":"https:\/\/2006.justiciaparaoaxaca.net\/index.php?rest_route=\/wp\/v2\/posts\/3400\/revisions\/3402"}],"wp:attachment":[{"href":"https:\/\/2006.justiciaparaoaxaca.net\/index.php?rest_route=%2Fwp%2Fv2%2Fmedia&parent=3400"}],"wp:term":[{"taxonomy":"category","embeddable":true,"href":"https:\/\/2006.justiciaparaoaxaca.net\/index.php?rest_route=%2Fwp%2Fv2%2Fcategories&post=3400"},{"taxonomy":"post_tag","embeddable":true,"href":"https:\/\/2006.justiciaparaoaxaca.net\/index.php?rest_route=%2Fwp%2Fv2%2Ftags&post=3400"}],"curies":[{"name":"wp","href":"https:\/\/api.w.org\/{rel}","templated":true}]}}