{"id":3730,"date":"2006-11-01T22:14:09","date_gmt":"2006-11-01T22:14:09","guid":{"rendered":"https:\/\/2006.justiciaparaoaxaca.net\/?p=3730"},"modified":"2013-02-07T18:20:43","modified_gmt":"2013-02-07T18:20:43","slug":"el-pri-oaxaca-amaga-con-enfrentar-a-lideres-de-la-appo","status":"publish","type":"post","link":"https:\/\/2006.justiciaparaoaxaca.net\/?p=3730","title":{"rendered":"El PRI-Oaxaca amaga con enfrentar a l\u00edderes de la APPO"},"content":{"rendered":"<p>La dirigencia estatal del Partido Revolucionario Institucional (PRI) amag\u00f3 hoy con desplegar 20 mil militantes y simpatizantes del <em>tricolor<\/em> en las calles para enfrentar a los profesores de la secci\u00f3n 22 del Sindicato Nacional de Trabajadores de la Educaci\u00f3n (SNTE) y a la Asamblea Popular de los Pueblos de Oaxaca (APPO), con el argumento de que \u00bbha llegado al l\u00edmite de su tolerancia, responder\u00e1 a cualquier agresi\u00f3n y refrenda su respaldo absoluto, hasta donde tope, al gobernador Ulises Ruiz Ortiz\u00bb.<\/p>\n<p><!--more--><\/p>\n<p>El dirigente pri\u00edsta oaxaque\u00f1o, H\u00e9ctor Pablo Ram\u00edrez Puga, asegur\u00f3 que si el gobierno federal no detiene a los l\u00edderes del movimiento, \u00bbel PRI har\u00e1 lo propio; somos m\u00e1s que ellos y estamos dispuestos a todo para restablecer el orden y la paz p\u00fablica de la manera que sea\u00bb. En ese tono, asegur\u00f3 que todas sus palabras tienen el \u00bbrespaldo absoluto\u00bb del dirigente del Comit\u00e9 Ejecutivo Nacional pri\u00edsta, Mariano Palacios Alcocer, y anunci\u00f3 que el pr\u00f3ximo lunes se realizar\u00e1 en esta ciudad un c\u00f3nclave de presidentes estatales del partido para respaldar su posici\u00f3n.<\/p>\n<p>En conferencia de prensa previa a una reuni\u00f3n de la c\u00fapula estatal rechaz\u00f3 asimismo que l\u00edderes y funcionarios p\u00fablicos surgidos del PRI est\u00e9n ligados a grupos para desestabilizar la entidad. No obstante, defendi\u00f3 a los miembros del cabildo de Santa Luc\u00eda del Camino -pri\u00edstas- que participaron en la balacera del pasado viernes, en la que muri\u00f3 de dos disparos el camar\u00f3grafo estadunidense Bradley Roland Will, y dijo que el comit\u00e9 estatal les otorgar\u00e1 asesor\u00eda jur\u00eddica. Ram\u00edrez Puga Leyva present\u00f3 fotograf\u00edas donde se muestra a simpatizantes de la APPO embozados y portando armas de fuego en la balacera de ese d\u00eda, como prueba de que tambi\u00e9n ellos dispararon \u00bbcontra la polic\u00eda\u00bb, y afirm\u00f3 que hab\u00eda recibido videos \u00bbde manera an\u00f3nima\u00bb, donde se muestra a personas armadas ligadas al movimiento.<\/p>\n<p>Los videos \u00bban\u00f3nimos\u00bb resultaron im\u00e1genes de Televisa donde se muestran las escenas de los disparos, a un sujeto que se guarda una pistola en el pantal\u00f3n, as\u00ed como a Flavio Sosa Villavicencio, de la dirigencia colectiva de la APPO, donde recomienda a brigadistas preparar bombas molotov para repeler los disparos. Ante ello, el dirigente pri\u00edsta demand\u00f3 a la Federaci\u00f3n \u00bbla aplicaci\u00f3n estricta del estado de derecho, la ejecuci\u00f3n de las \u00f3rdenes de aprehensi\u00f3n y el levantamiento de barricadas\u00bb. Tambi\u00e9n reproch\u00f3 el que Gobernaci\u00f3n busque negociar con \u00bbl\u00edderes subversivos\u00bb. Afirm\u00f3 que el lunes pasado desconocidos incendiaron la sede del Comit\u00e9 Directivo Estatal pri\u00edsta, y dijo que si bien en el incidente se registraron p\u00e9rdidas materiales, \u00bblo m\u00e1s doloroso es que Gobernaci\u00f3n todav\u00eda pretenda el di\u00e1logo con estos delincuentes\u00bb.<\/p>\n<p>Seg\u00fan el ex diputado federal, los desmanes en la capital del estado no son atribuibles a grupos ligados al <em>tricolor<\/em> -como concluy\u00f3 la Secretar\u00eda de Seguridad P\u00fablica-, sino a \u00bbmanos ajenas a Oaxaca\u00bb. Refiri\u00f3 que en junio pasado denunci\u00f3 que dirigentes de la APPO y la secci\u00f3n 22 hab\u00edan sostenido un encuentro, en un hotel de Polanco, con el ex diputado Manuel Camacho Sol\u00eds, uno de los coordinadores de las redes ciudadanas de la campa\u00f1a de Andr\u00e9s Manuel L\u00f3pez Obrador. \u00bbMeses despu\u00e9s vemos la mano muy metida del PRD, de Gabino Cu\u00e9 (ex candidato de Convergencia a la gubernatura), del Frente Popular Francisco Villa, del Consejo General de Huelga, de los de Atenco, y hoy lleg\u00f3 Rosario Ibarra y ya se meti\u00f3 el ave de las tempestades, Andr\u00e9s Manuel L\u00f3pez Obrador. \u00a1Ya s\u00f3lo falta Hugo Ch\u00e1vez en esta tertulia de delincuentes!\u00bb. Inclusive, cuestion\u00f3 el exhorto que el pintor Francisco Toledo le hizo a Palacios Alcocer para que promoviera la dimisi\u00f3n de Ruiz. \u00bbQueremos pedirle al perredista Toledo que deje de hacer declaraciones y, tambi\u00e9n, preguntarle al rector de la Universidad Aut\u00f3noma Benito Ju\u00e1rez de Oaxaca (Felipe Mart\u00ednez Neri) que nos diga de qu\u00e9 lado est\u00e1, porque la toma de Radio Universidad es un delito federal\u00bb.<\/p>\n<p>Fuente: Enrique M\u00e9ndez, Gustavo Castillo, Octavio V\u00e9lez, La Jornada en Internet,<\/p>\n<p><a href=\"http:\/\/www.jornada.unam.mx\/2006\/11\/02\/index.php?section=politica&amp;article=003n1pol\">http:\/\/www.jornada.unam.mx\/2006\/11\/02\/index.php?section=politica&amp;article=003n1pol<\/a> 09\/01\/2012<\/p>\n","protected":false},"excerpt":{"rendered":"<p>La dirigencia estatal del Partido Revolucionario Institucional (PRI) amag\u00f3 hoy con desplegar 20 mil militantes y simpatizantes del tricolor en las calles para enfrentar a los profesores de la secci\u00f3n 22 del Sindicato Nacional de Trabajadores de la Educaci\u00f3n (SNTE) &hellip;<\/p>\n<p class=\"read-more\"> <a class=\"more-link\" href=\"https:\/\/2006.justiciaparaoaxaca.net\/?p=3730\"> <span class=\"screen-reader-text\">El PRI-Oaxaca amaga con enfrentar a l\u00edderes de la APPO<\/span> Leer m\u00e1s \u00bb<\/a><\/p>\n","protected":false},"author":2,"featured_media":0,"comment_status":"closed","ping_status":"closed","sticky":false,"template":"","format":"standard","meta":{"footnotes":""},"categories":[16,1,3,102],"tags":[26,45,42,64,49,32],"class_list":["post-3730","post","type-post","status-publish","format-standard","hentry","category-16","category-archivo","category-cronologias","category-noviembre","tag-autoritarismo","tag-derechos-humanos","tag-funcionarios","tag-ingobernabilidad","tag-pri","tag-ulises-ruiz-ortiz"],"_links":{"self":[{"href":"https:\/\/2006.justiciaparaoaxaca.net\/index.php?rest_route=\/wp\/v2\/posts\/3730","targetHints":{"allow":["GET"]}}],"collection":[{"href":"https:\/\/2006.justiciaparaoaxaca.net\/index.php?rest_route=\/wp\/v2\/posts"}],"about":[{"href":"https:\/\/2006.justiciaparaoaxaca.net\/index.php?rest_route=\/wp\/v2\/types\/post"}],"author":[{"embeddable":true,"href":"https:\/\/2006.justiciaparaoaxaca.net\/index.php?rest_route=\/wp\/v2\/users\/2"}],"replies":[{"embeddable":true,"href":"https:\/\/2006.justiciaparaoaxaca.net\/index.php?rest_route=%2Fwp%2Fv2%2Fcomments&post=3730"}],"version-history":[{"count":1,"href":"https:\/\/2006.justiciaparaoaxaca.net\/index.php?rest_route=\/wp\/v2\/posts\/3730\/revisions"}],"predecessor-version":[{"id":3731,"href":"https:\/\/2006.justiciaparaoaxaca.net\/index.php?rest_route=\/wp\/v2\/posts\/3730\/revisions\/3731"}],"wp:attachment":[{"href":"https:\/\/2006.justiciaparaoaxaca.net\/index.php?rest_route=%2Fwp%2Fv2%2Fmedia&parent=3730"}],"wp:term":[{"taxonomy":"category","embeddable":true,"href":"https:\/\/2006.justiciaparaoaxaca.net\/index.php?rest_route=%2Fwp%2Fv2%2Fcategories&post=3730"},{"taxonomy":"post_tag","embeddable":true,"href":"https:\/\/2006.justiciaparaoaxaca.net\/index.php?rest_route=%2Fwp%2Fv2%2Ftags&post=3730"}],"curies":[{"name":"wp","href":"https:\/\/api.w.org\/{rel}","templated":true}]}}