{"id":3736,"date":"2006-11-01T20:41:08","date_gmt":"2006-11-01T20:41:08","guid":{"rendered":"https:\/\/2006.justiciaparaoaxaca.net\/?p=3736"},"modified":"2013-02-07T18:44:45","modified_gmt":"2013-02-07T18:44:45","slug":"actos-de-apoyo-a-la-appo-en-atenas-ginebra-y-valencia","status":"publish","type":"post","link":"https:\/\/2006.justiciaparaoaxaca.net\/?p=3736","title":{"rendered":"Actos de apoyo a la APPO en Atenas, Ginebra y Valencia"},"content":{"rendered":"<p>Representaciones diplom\u00e1ticas mexicanas en diversas ciudades europeas contin\u00faan siendo blanco de protestas contra la represi\u00f3n al movimiento popular de Oaxaca. Ayer, frente a la embajada mexicana en Atenas se concentraron aproximadamente 250 personas para manifestar su solidaridad con la Asamblea Popular de los Pueblos de Oaxaca (APPO). \u00bbEn estos momentos -explicaron los colectivos convocantes- se est\u00e1n recogiendo en Grecia firmas de apoyo y solidaridad con el pueblo de Oaxaca y de repudio a la represi\u00f3n del Estado mexicano.<\/p>\n<p><!--more--><\/p>\n<p>Nos hemos dirigido a profesores (que est\u00e1n en lucha y huelga tambi\u00e9n en nuestro pa\u00eds), estudiantes, asociaciones, organizaciones, colectivos, sindicatos, parlamentarios de izquierda y medios de comunicaci\u00f3n. \u00a1Nuestro coraz\u00f3n est\u00e1 en las calles de Oaxaca!\u00bb, expresaron los activistas. Asimismo, en Ginebra, Suiza, el repudio a la violencia institucional contra el pueblo y los maestros oaxaque\u00f1os se realiz\u00f3 frente a la misi\u00f3n permanente de M\u00e9xico ante la Organizaci\u00f3n de las Naciones Unidas.<\/p>\n<p>Los organizadores fueron recibidos por Socorro Rovirosa, de la Secretar\u00eda de Relaciones Exteriores, a quien exigieron \u00bbuna salida pac\u00edfica y pol\u00edtica del conflicto, incluyendo el retiro de la Polic\u00eda Federal Preventiva, la destituci\u00f3n de Ulises Ruiz, la liberaci\u00f3n de todos los detenidos, el castigo a los culpables y una investigaci\u00f3n sobre los v\u00ednculos entre la PFP y los paramilitares\u00bb. El colectivo Viva Zapata, convocante de la protesta, se\u00f1al\u00f3 que seguir\u00e1n \u00bbmuy atentos a los pr\u00f3ximos eventos, listos para salir a la calle y apoyar la lucha digna de la Asamblea Popular de los Pueblos de Oaxaca\u00bb.<\/p>\n<p>En esta misma ciudad, como parte del llamado internacional a la movilizaci\u00f3n lanzado por el Ej\u00e9rcito Zapatista de Liberaci\u00f3n Nacional, esta noche se convoc\u00f3 a una campa\u00f1a de informaci\u00f3n sobre la lucha de la APPO y la situaci\u00f3n que prevalece en el estado de Oaxaca. Una expresi\u00f3n m\u00e1s de la protesta se llev\u00f3 a cabo en la ciudad espa\u00f1ola de Valencia, donde diversos colectivos organizaron un programa radial para denunciar \u00bblas medidas tomadas por parte del gobierno mexicano, que violan a todas luces los derechos humanos individuales y colectivos m\u00e1s fundamentales\u00bb.<\/p>\n<p>En esta ciudad el colectivo zapatista El Caracol, la Comisi\u00f3n Confederal de Solidaridad con Chiapas de la CGT, el colectivo Tierra Viva y ACSUD Las Segovias PV, anunciaron \u00bbuna concentraci\u00f3n de repudio y apoyo mutuo\u00bb para el pr\u00f3ximo viernes 3, en la Plaza de la Virgen, de Valencia, as\u00ed como la solicitud de una entrevista con el c\u00f3nsul de M\u00e9xico. Finalmente, este 2 de noviembre se espera en Roma una manifestaci\u00f3n m\u00e1s frente a la embajada mexicana, convocada por diversos grupos, en apoyo a la lucha de los oaxaque\u00f1os.<\/p>\n<p>Fuente: Gloria Mu\u00f1oz Ram\u00edrez, La Jornada en Internet,<\/p>\n<p><a href=\"http:\/\/www.jornada.unam.mx\/2006\/11\/02\/index.php?section=politica&amp;article=006n1pol\">http:\/\/www.jornada.unam.mx\/2006\/11\/02\/index.php?section=politica&amp;article=006n1pol<\/a> 09\/01\/2012<\/p>\n<p><strong>Altar de muertos en Madrid por los ca\u00eddos en Oaxaca<\/strong><\/p>\n<p>Los 17 ca\u00eddos en el prolongado conflicto de Oaxaca, mismos que niega contra toda evidencia el gobierno de Vicente Fox, fueron homenajeados hoy en Madrid con un altar de muertos, un intenso minuto de aplausos y una promesa firme y en\u00e9rgica: \u00bbNinguno de sus nombres ser\u00e1 olvidado en esta lucha contra la injusticia y la opresi\u00f3n\u00bb. El grito frente a la embajada de M\u00e9xico reson\u00f3 en las calles: \u00bb\u00a1Oaxaca, escucha, estamos en la lucha!\u00bb.<\/p>\n<p>Con una pancarta blanca con letras en azul que rezaba, \u00bbLuchadores populares asesinados en Oaxaca. \u00a1Presentes!\u00bb, alrededor de un centenar de personas depositaron en un altar de muertos sus veladoras, mensajes de solidaridad y la promesa de no permitir que esas muertes queden impunes. Melina Hern\u00e1ndez Sosa, estudiante oaxaque\u00f1a residente en Madrid desde hace un a\u00f1o, que adem\u00e1s pertenece a la Uni\u00f3n de Organizaciones de la Sierra de Ju\u00e1rez, explic\u00f3: \u00bbSoy de Oaxaca y me duele mucho lo que est\u00e1 pasando con nuestros hermanos.<\/p>\n<p>Una manera de solidarizarme con ellos es estar aqu\u00ed, porque hay tanta impunidad y tanta injusticia por parte de los gobiernos de M\u00e9xico y de Oaxaca, que tenemos el deber, los que estamos fuera del pa\u00eds, de protestar\u00bb. Las inmediaciones de la sede diplom\u00e1tica mexicana se llenaron de pancartas en las que se denunciaba la actuaci\u00f3n de la Polic\u00eda Federal Preventiva en el conflicto, y la presencia de comandos paramilitares en la regi\u00f3n. Asimismo, tanto en las paredes como en las ventanas de los edificios aleda\u00f1os, se pegaron decenas de fotograf\u00edas con la imagen del gobernador Ruiz, en las que se le acusaba de \u00bbasesino\u00bb.<\/p>\n<p>Andrea Ben\u00edtez Dumont, de la organizaci\u00f3n Casa Pueblo, explic\u00f3 que \u00bbcon esta protesta queremos recuperar la tradici\u00f3n del D\u00eda de Muertos que se da en M\u00e9xico, donde son los muertitos los que vienen a este mundo a visitarnos y hacerse presentes. As\u00ed, hemos tra\u00eddo a todos los luchadores de Oaxaca, haciendo presente su lucha, su resistencia, retomando este sentimiento popular mexicano, para que ni un solo nombre sea olvidado en esta lucha contra la injusticia y la opresi\u00f3n del corrupto y asesino gobernador de Oaxaca\u00bb.<\/p>\n<p>En cuanto a la actitud del gobierno mexicano de no reconocer las p\u00e9rdidas de vidas en el conflicto, Ben\u00edtez se\u00f1al\u00f3: \u00bbM\u00e9xico tiene una larga tradici\u00f3n de ser progresista en pol\u00edtica internacional, como fue el hecho de dar cobijo a refugiados y exiliados de la Rep\u00fablica espa\u00f1ola, pero en lo interno todos los gobiernos mexicanos -sean del PRI o en este caso del PAN- han desarrollado una pol\u00edtica perversa de represi\u00f3n y crueldad que nada tienen que envidiar a las dictaduras latinoamericanas. Vuelve a pasar lo mismo, y el gobierno de Fox decreta que los muertos no existen, que no son tales, en similitud con aquello que dec\u00eda el dictador argentino Jorge Videla\u00bb.<\/p>\n<p>Los manifestantes tambi\u00e9n reclamaron \u00bbla presentaci\u00f3n con vida de los desaparecidos\u00bb para, acto seguido, leer en voz alta los nombres de los ca\u00eddos, con el grito de \u00bb\u00a1resiste!\u00bb y un largo aplauso. As\u00ed se escucharon uno a uno los nombres de P\u00e1nfilo Hern\u00e1ndez V\u00e1zquez, Fidel S\u00e1nchez Garc\u00eda, Emilio Alonso Fabi\u00e1n, Jos\u00e9 Alberto L\u00f3pez, Alejandro Garc\u00eda Hern\u00e1ndez, Esteban L\u00f3pez Zurita, Marcos Garc\u00eda Tapia, Andr\u00e9s Santiago Cruz, Pedro Mart\u00ednez, Jos\u00e9 Manuel Castro Pati\u00f1o, Jos\u00e9 Jim\u00e9nez Comenares, Gonzalo Cisneros Gautier, Roberto L\u00f3pez Hern\u00e1ndez, Octavio Mart\u00ednez, Arcadio Fabi\u00e1n Hern\u00e1ndez Santiago, Lorenzo San Pablo y Bradley Will. Jaime Losada, del Foro Internacional Permanente de Artistas e Intelectuales por la Cultura y la Paz, explic\u00f3 por su parte que \u00bbeste movimiento lo iniciamos cuando estall\u00f3 la primera guerra en Irak, y ahora estamos aqu\u00ed porque lo que est\u00e1 pasando en M\u00e9xico es imperdonable. Son actos totalmente vand\u00e1licos; inclusive dir\u00eda yo que estamos ante acciones de terrorismo de Estado\u00bb. La protesta finaliz\u00f3 con un minuto de aplausos a los 17 ca\u00eddos.<\/p>\n<p>Fuente: Armando G. Tejeda, La Jornada en Internet,<\/p>\n<p><a href=\"http:\/\/www.jornada.unam.mx\/2006\/11\/02\/index.php?section=politica&amp;article=007n1pol\">http:\/\/www.jornada.unam.mx\/2006\/11\/02\/index.php?section=politica&amp;article=007n1pol<\/a> 09\/01\/2012<\/p>\n<p>&nbsp;<\/p>\n","protected":false},"excerpt":{"rendered":"<p>Representaciones diplom\u00e1ticas mexicanas en diversas ciudades europeas contin\u00faan siendo blanco de protestas contra la represi\u00f3n al movimiento popular de Oaxaca. Ayer, frente a la embajada mexicana en Atenas se concentraron aproximadamente 250 personas para manifestar su solidaridad con la Asamblea &hellip;<\/p>\n<p class=\"read-more\"> <a class=\"more-link\" href=\"https:\/\/2006.justiciaparaoaxaca.net\/?p=3736\"> <span class=\"screen-reader-text\">Actos de apoyo a la APPO en Atenas, Ginebra y Valencia<\/span> Leer m\u00e1s \u00bb<\/a><\/p>\n","protected":false},"author":2,"featured_media":0,"comment_status":"closed","ping_status":"closed","sticky":false,"template":"","format":"standard","meta":{"footnotes":""},"categories":[16,1,3,102],"tags":[81],"class_list":["post-3736","post","type-post","status-publish","format-standard","hentry","category-16","category-archivo","category-cronologias","category-noviembre","tag-apoyo-internacional"],"_links":{"self":[{"href":"https:\/\/2006.justiciaparaoaxaca.net\/index.php?rest_route=\/wp\/v2\/posts\/3736","targetHints":{"allow":["GET"]}}],"collection":[{"href":"https:\/\/2006.justiciaparaoaxaca.net\/index.php?rest_route=\/wp\/v2\/posts"}],"about":[{"href":"https:\/\/2006.justiciaparaoaxaca.net\/index.php?rest_route=\/wp\/v2\/types\/post"}],"author":[{"embeddable":true,"href":"https:\/\/2006.justiciaparaoaxaca.net\/index.php?rest_route=\/wp\/v2\/users\/2"}],"replies":[{"embeddable":true,"href":"https:\/\/2006.justiciaparaoaxaca.net\/index.php?rest_route=%2Fwp%2Fv2%2Fcomments&post=3736"}],"version-history":[{"count":2,"href":"https:\/\/2006.justiciaparaoaxaca.net\/index.php?rest_route=\/wp\/v2\/posts\/3736\/revisions"}],"predecessor-version":[{"id":3738,"href":"https:\/\/2006.justiciaparaoaxaca.net\/index.php?rest_route=\/wp\/v2\/posts\/3736\/revisions\/3738"}],"wp:attachment":[{"href":"https:\/\/2006.justiciaparaoaxaca.net\/index.php?rest_route=%2Fwp%2Fv2%2Fmedia&parent=3736"}],"wp:term":[{"taxonomy":"category","embeddable":true,"href":"https:\/\/2006.justiciaparaoaxaca.net\/index.php?rest_route=%2Fwp%2Fv2%2Fcategories&post=3736"},{"taxonomy":"post_tag","embeddable":true,"href":"https:\/\/2006.justiciaparaoaxaca.net\/index.php?rest_route=%2Fwp%2Fv2%2Ftags&post=3736"}],"curies":[{"name":"wp","href":"https:\/\/api.w.org\/{rel}","templated":true}]}}