{"id":3831,"date":"2006-11-13T18:11:44","date_gmt":"2006-11-13T18:11:44","guid":{"rendered":"https:\/\/2006.justiciaparaoaxaca.net\/?p=3831"},"modified":"2013-02-12T18:13:46","modified_gmt":"2013-02-12T18:13:46","slug":"el-atoron-del-dialogo-en-oaxaca-implica-riesgos-de-mayor-encono","status":"publish","type":"post","link":"https:\/\/2006.justiciaparaoaxaca.net\/?p=3831","title":{"rendered":"El \u00bbator\u00f3n\u00bb del di\u00e1logo en Oaxaca implica riesgos de mayor encono."},"content":{"rendered":"<p>Las reuniones constantes que han sostenido los dirigentes de la Asamblea Popular de los Pueblos de Oxaca (APPO) con el arzobispado y con representantes de Servicios de Asesor\u00eda para la Paz (Serapaz), instancia coadyuvante que realiza funciones de acercamiento con la Secretar\u00eda de Gobernaci\u00f3n (SG), no han dado resultados. En estos contactos, que se mantienen desde hace dos semanas, a partir del momento en el que la APPO desconoci\u00f3 la interlocuci\u00f3n de Bucareli, no se han abordado los temas de fondo de la negociaci\u00f3n pol\u00edtica y el estancamiento no se logra superar.<\/p>\n<p><!--more--><\/p>\n<p>Fuentes cercanas al arzobispo Jos\u00e9 Luis Ch\u00e1vez Botello reconocieron que el \u00bbator\u00f3n\u00bb en el que se encuentra el di\u00e1logo implica riesgos de mayor encono, ya que el gobierno estatal capitaliza la par\u00e1lisis y pretende mantener el estado de cosas actual con \u00bbcomponendas superficiales\u00bb. Desde el otro bando, este <em>impasse<\/em> tambi\u00e9n puede ser interpretado como v\u00eda cerrada y alentar el argumento de ciertos sectores radicales de que no hay m\u00e1s alternativa que la lucha armada. Estos son dos \u00bbriesgos muy presentes\u00bb, asegura el sacerdote Wilfredo Mayr\u00e9n, comisionado de Paz y Justicia y tambi\u00e9n asesor legal del arzobispado.<\/p>\n<p>Consider\u00f3 que a pesar de la voluntad \u00bbreal y honesta\u00bb de la SG de resolver la crisis con un tratamiento integral, de fondo, \u00bby no s\u00f3lo administrar una aspirina para un problema grave\u00bb, la administraci\u00f3n foxista va a entregar el poder sin haber podido dejar alg\u00fan avance en la mesa de negociaci\u00f3n. En tanto, el vac\u00edo de una interlocuci\u00f3n directa entre el gobierno federal y la APPO es subsanado con la acci\u00f3n \u00bbde p\u00e9ndulo\u00bb que realiza Serapaz, en su calidad de coadyuvante. Sus participantes van y vienen de Oaxaca al Distrito Federal, intentando acercar las posiciones antag\u00f3nicas de las partes. De momento, ante la imposibilidad de abordar los temas sustantivos de una soluci\u00f3n, se mantiene el contacto para dialogar sobre una agenda local.<\/p>\n<p>Pero tambi\u00e9n en esta gesti\u00f3n son m\u00ednimas las se\u00f1ales positivas, reconocieron fuentes de esta instancia. En los encuentros de APPO con estos interlocutores, que se realizan en el arzobispado y con frecuencia concluyen bien entrada la noche, solamente se ha abordado el asunto de la situaci\u00f3n jur\u00eddica de los detenidos del movimiento. No se ha entrado en materia en el tema de la lista de arrestados que a\u00fan no son presentados por el Ministerio P\u00fablico y que los organismos de derechos humanos reportan como desaparecidos. El arzobispado, a trav\u00e9s de Mayr\u00e9n, es la v\u00eda de comunicaci\u00f3n con Gobernaci\u00f3n y tambi\u00e9n con el alto mando de la Polic\u00eda Federal Preventiva (PFP) en Oaxaca.<\/p>\n<p>En esta mesa se plante\u00f3 una lista de temas a abordar: detenidos, desaparecidos, las bandas de pistoleros al servicio del gobierno estatal que, seg\u00fan denuncian l\u00edderes del movimiento popular, amenazan con entrar en acci\u00f3n; el levantamiento de las barricadas que mantienen cerrado un per\u00edmetro de avenidas aleda\u00f1as a la Ciudad Universitaria, y el contenido de las transmisiones de Radio Ciudadana, desde donde se alienta el clima de linchamiento contra los dirigentes populares. El apoderado del arzobispado afirma que el caso de la radioemisora \u00ad\u00bbque adem\u00e1s es ilegal, porque transmite sin los permisos correspondientes\u00bb\u00ad demuestra que el ofrecimiento del gobernador Ulises Ruiz de un \u00bbplan de reconciliaci\u00f3n\u00bb no fue puesto sobre la mesa con la intenci\u00f3n real de recomponer la situaci\u00f3n.<\/p>\n<p>Ulises Ruiz \u00bbno s\u00f3lo debe presentar un plan, sino hacerlo realidad\u00bb, considera. Y agrega que un primer paso para hacerlo es reconocer la representatividad de la APPO y dar se\u00f1ales inequ\u00edvocas de que su gobierno tiene intenci\u00f3n y capacidad de controlar a los grupos pri\u00edstas m\u00e1s recalcitrantes, que est\u00e1n vinculados con pistoleros y han amenazado a varios dirigentes populares. Tambi\u00e9n debe haber un compromiso de sacar del aire la emisora Radio Ciudadana. El padre Mayr\u00e9n admite que, a diferencia de lo que hacen los grupos universitarios que ocupan Radio Universidad, que invitan a la lucha y a no deponer la movilizaci\u00f3n popular, en la radio pro gubernamental \u00bbse incita abiertamente al linchamiento y al ataque de personas, y eso representa un delito grave.<\/p>\n<p>Si el gobernador no demuestra que puede controlar esos excesos, pone en duda el primer punto de su plan de gobernabilidad, que es la reconciliaci\u00f3n\u00bb. Por otra parte, dirigentes de la APPO reconocieron que el levantamiento de las barricadas de avenida Universidad y el crucero de Cinco Se\u00f1ores, s\u00ed forma parte del paquete integral de negociaci\u00f3n. \u00bbPero nosotros no les podemos pedir a los compa\u00f1eros que simplemente se retiren de sus barricadas, que han convertido en su espacio de lucha, sin ofrecerles nada a cambio.<\/p>\n<p>Tiene que haber soluciones tambi\u00e9n para la problem\u00e1tica que ellos viven, en especial los ni\u00f1os de los cruceros. Estamos pensando en una casa hogar para ellos\u00bb, explic\u00f3 Juan Sosa, de la direcci\u00f3n colectiva de la Asamblea Popular. Hoy mismo experiment\u00f3 la dificultad de esa propuesta de levantar las barricadas remanentes del movimiento popular, cuando en el congreso constituyente de la Asamblea Popular present\u00f3 el punto a discusi\u00f3n. El abucheo fue tan intenso que no pudo siquiera terminar su intervenci\u00f3n.<\/p>\n<p>Fuente: Blanche Petrich, La Jornada en Internet,<\/p>\n<p><a href=\"http:\/\/www.jornada.unam.mx\/2006\/11\/13\/index.php?section=politica&amp;article=007n1pol\">http:\/\/www.jornada.unam.mx\/2006\/11\/13\/index.php?section=politica&amp;article=007n1pol<\/a> 11\/01\/2012<\/p>\n","protected":false},"excerpt":{"rendered":"<p>Las reuniones constantes que han sostenido los dirigentes de la Asamblea Popular de los Pueblos de Oxaca (APPO) con el arzobispado y con representantes de Servicios de Asesor\u00eda para la Paz (Serapaz), instancia coadyuvante que realiza funciones de acercamiento con &hellip;<\/p>\n<p class=\"read-more\"> <a class=\"more-link\" href=\"https:\/\/2006.justiciaparaoaxaca.net\/?p=3831\"> <span class=\"screen-reader-text\">El \u00bbator\u00f3n\u00bb del di\u00e1logo en Oaxaca implica riesgos de mayor encono.<\/span> Leer m\u00e1s \u2192<\/a><\/p>\n","protected":false},"author":2,"featured_media":0,"comment_status":"closed","ping_status":"closed","sticky":false,"template":"","format":"standard","meta":{"footnotes":""},"categories":[16,1,3,102],"tags":[50,40,64],"class_list":["post-3831","post","type-post","status-publish","format-standard","hentry","category-16","category-archivo","category-cronologias","category-noviembre","tag-appo","tag-gobierno-federal","tag-ingobernabilidad"],"_links":{"self":[{"href":"https:\/\/2006.justiciaparaoaxaca.net\/index.php?rest_route=\/wp\/v2\/posts\/3831","targetHints":{"allow":["GET"]}}],"collection":[{"href":"https:\/\/2006.justiciaparaoaxaca.net\/index.php?rest_route=\/wp\/v2\/posts"}],"about":[{"href":"https:\/\/2006.justiciaparaoaxaca.net\/index.php?rest_route=\/wp\/v2\/types\/post"}],"author":[{"embeddable":true,"href":"https:\/\/2006.justiciaparaoaxaca.net\/index.php?rest_route=\/wp\/v2\/users\/2"}],"replies":[{"embeddable":true,"href":"https:\/\/2006.justiciaparaoaxaca.net\/index.php?rest_route=%2Fwp%2Fv2%2Fcomments&post=3831"}],"version-history":[{"count":1,"href":"https:\/\/2006.justiciaparaoaxaca.net\/index.php?rest_route=\/wp\/v2\/posts\/3831\/revisions"}],"predecessor-version":[{"id":3832,"href":"https:\/\/2006.justiciaparaoaxaca.net\/index.php?rest_route=\/wp\/v2\/posts\/3831\/revisions\/3832"}],"wp:attachment":[{"href":"https:\/\/2006.justiciaparaoaxaca.net\/index.php?rest_route=%2Fwp%2Fv2%2Fmedia&parent=3831"}],"wp:term":[{"taxonomy":"category","embeddable":true,"href":"https:\/\/2006.justiciaparaoaxaca.net\/index.php?rest_route=%2Fwp%2Fv2%2Fcategories&post=3831"},{"taxonomy":"post_tag","embeddable":true,"href":"https:\/\/2006.justiciaparaoaxaca.net\/index.php?rest_route=%2Fwp%2Fv2%2Ftags&post=3831"}],"curies":[{"name":"wp","href":"https:\/\/api.w.org\/{rel}","templated":true}]}}