{"id":4088,"date":"2014-08-07T09:18:06","date_gmt":"2014-08-07T09:18:06","guid":{"rendered":"https:\/\/2006.justiciaparaoaxaca.net\/?p=4088"},"modified":"2019-11-27T01:35:53","modified_gmt":"2019-11-27T01:35:53","slug":"conoces-la-ley-de-la-comision-de-la-verdad","status":"publish","type":"post","link":"https:\/\/2006.justiciaparaoaxaca.net\/?p=4088","title":{"rendered":"Conoces la Ley de la Comisi\u00f3n de la Verdad?"},"content":{"rendered":"<p>Chec<img loading=\"lazy\" decoding=\"async\" class=\"alignleft size-medium wp-image-4089\" src=\"https:\/\/2006.justiciaparaoaxaca.net\/wp-content\/uploads\/2014\/10\/LeyCV-231x300.jpg\" alt=\"LeyCV\" width=\"231\" height=\"300\" srcset=\"https:\/\/2006.justiciaparaoaxaca.net\/wp-content\/uploads\/2014\/10\/LeyCV-231x300.jpg 231w, https:\/\/2006.justiciaparaoaxaca.net\/wp-content\/uploads\/2014\/10\/LeyCV.jpg 640w\" sizes=\"auto, (max-width: 231px) 100vw, 231px\" \/>a el texto completo de la <strong>Ley de la Comisi\u00f3n de la Verdad para la investigaci\u00f3n de los hechos que motivaron las violaciones a los derechos humanos del Pueblo de Oaxaca en los a\u00f1os 2006 y 2007. <\/strong><\/p>\n<p style=\"text-align: center;\"><em><strong><a href=\"http:\/\/www.congresooaxaca.gob.mx\/61\/decretos\/files\/PODLXI_2056.pdf\" target=\"_blank\" rel=\"noopener noreferrer\">Da click AQUI <\/a><\/strong><\/em><\/p>\n<p style=\"text-align: center;\"><em><strong>o descarga AQUI la <a href=\"https:\/\/2006.justiciaparaoaxaca.net\/wp-content\/uploads\/2014\/10\/LeyCV.pdf\">LeyCV<\/a><\/strong><\/em><\/p>\n","protected":false},"excerpt":{"rendered":"<p>Checa el texto completo de la Ley de la Comisi\u00f3n de la Verdad para la investigaci\u00f3n de los hechos que motivaron las violaciones a los derechos humanos del Pueblo de Oaxaca en los a\u00f1os 2006 y 2007. Da click AQUI &hellip;<\/p>\n<p class=\"read-more\"> <a class=\"more-link\" href=\"https:\/\/2006.justiciaparaoaxaca.net\/?p=4088\"> <span class=\"screen-reader-text\">Conoces la Ley de la Comisi\u00f3n de la Verdad?<\/span> Leer m\u00e1s \u00bb<\/a><\/p>\n","protected":false},"author":2,"featured_media":0,"comment_status":"closed","ping_status":"closed","sticky":false,"template":"","format":"standard","meta":{"footnotes":""},"categories":[87,15,107],"tags":[],"class_list":["post-4088","post","type-post","status-publish","format-standard","hentry","category-comision-de-la-verdad","category-documentos","category-noticias-recientes"],"_links":{"self":[{"href":"https:\/\/2006.justiciaparaoaxaca.net\/index.php?rest_route=\/wp\/v2\/posts\/4088","targetHints":{"allow":["GET"]}}],"collection":[{"href":"https:\/\/2006.justiciaparaoaxaca.net\/index.php?rest_route=\/wp\/v2\/posts"}],"about":[{"href":"https:\/\/2006.justiciaparaoaxaca.net\/index.php?rest_route=\/wp\/v2\/types\/post"}],"author":[{"embeddable":true,"href":"https:\/\/2006.justiciaparaoaxaca.net\/index.php?rest_route=\/wp\/v2\/users\/2"}],"replies":[{"embeddable":true,"href":"https:\/\/2006.justiciaparaoaxaca.net\/index.php?rest_route=%2Fwp%2Fv2%2Fcomments&post=4088"}],"version-history":[{"count":2,"href":"https:\/\/2006.justiciaparaoaxaca.net\/index.php?rest_route=\/wp\/v2\/posts\/4088\/revisions"}],"predecessor-version":[{"id":4256,"href":"https:\/\/2006.justiciaparaoaxaca.net\/index.php?rest_route=\/wp\/v2\/posts\/4088\/revisions\/4256"}],"wp:attachment":[{"href":"https:\/\/2006.justiciaparaoaxaca.net\/index.php?rest_route=%2Fwp%2Fv2%2Fmedia&parent=4088"}],"wp:term":[{"taxonomy":"category","embeddable":true,"href":"https:\/\/2006.justiciaparaoaxaca.net\/index.php?rest_route=%2Fwp%2Fv2%2Fcategories&post=4088"},{"taxonomy":"post_tag","embeddable":true,"href":"https:\/\/2006.justiciaparaoaxaca.net\/index.php?rest_route=%2Fwp%2Fv2%2Ftags&post=4088"}],"curies":[{"name":"wp","href":"https:\/\/api.w.org\/{rel}","templated":true}]}}