{"id":4148,"date":"2016-01-19T19:12:19","date_gmt":"2016-01-19T19:12:19","guid":{"rendered":"https:\/\/2006.justiciaparaoaxaca.net\/?p=4148"},"modified":"2016-03-02T19:24:35","modified_gmt":"2016-03-02T19:24:35","slug":"recortan-presupuesto-a-la-cvo","status":"publish","type":"post","link":"https:\/\/2006.justiciaparaoaxaca.net\/?p=4148","title":{"rendered":"Recortan presupuesto a la CVO"},"content":{"rendered":"<p>La Comisi\u00f3n de la Verdad enfrenta un recorte presupuestal de 2 millones de los 3 que requiere para concluir su trabajo, denunciaron Comisionados y organizaciones que acompa\u00f1an v\u00edctimas.<\/p>\n<p>Lea las notas:<br \/>\nComisi\u00f3n de la Verdad acusa a Diputados locales de sabotear su trabajo (NSS) <a href=\"http:\/\/www.nssoaxaca.com\/estado\/31-general\/141694-comision-de-la-verdad-acusa-a-diputados-locales-de-sabotear-su-trabajo\" target=\"_blank\">AQUI<\/a><br \/>\nDiputados locales de PRI, PAN y PVEM protegen a Ulises Ruiz, acusa Solalinde (NSS) <a href=\"http:\/\/www.nssoaxaca.com\/estado\/31-general\/141368-diputados-locales-de-pri-pan-y-pvem-protegen-a-ulises-ruiz-acusa-solalinde\" target=\"_blank\">AQUI<\/a><\/p>\n","protected":false},"excerpt":{"rendered":"<p>La Comisi\u00f3n de la Verdad enfrenta un recorte presupuestal de 2 millones de los 3 que requiere para concluir su trabajo, denunciaron Comisionados y organizaciones que acompa\u00f1an v\u00edctimas. Lea las notas: Comisi\u00f3n de la Verdad acusa a Diputados locales de &hellip;<\/p>\n<p class=\"read-more\"> <a class=\"more-link\" href=\"https:\/\/2006.justiciaparaoaxaca.net\/?p=4148\"> <span class=\"screen-reader-text\">Recortan presupuesto a la CVO<\/span> Leer m\u00e1s \u00bb<\/a><\/p>\n","protected":false},"author":2,"featured_media":0,"comment_status":"closed","ping_status":"closed","sticky":false,"template":"","format":"standard","meta":{"footnotes":""},"categories":[87],"tags":[],"class_list":["post-4148","post","type-post","status-publish","format-standard","hentry","category-comision-de-la-verdad"],"_links":{"self":[{"href":"https:\/\/2006.justiciaparaoaxaca.net\/index.php?rest_route=\/wp\/v2\/posts\/4148","targetHints":{"allow":["GET"]}}],"collection":[{"href":"https:\/\/2006.justiciaparaoaxaca.net\/index.php?rest_route=\/wp\/v2\/posts"}],"about":[{"href":"https:\/\/2006.justiciaparaoaxaca.net\/index.php?rest_route=\/wp\/v2\/types\/post"}],"author":[{"embeddable":true,"href":"https:\/\/2006.justiciaparaoaxaca.net\/index.php?rest_route=\/wp\/v2\/users\/2"}],"replies":[{"embeddable":true,"href":"https:\/\/2006.justiciaparaoaxaca.net\/index.php?rest_route=%2Fwp%2Fv2%2Fcomments&post=4148"}],"version-history":[{"count":3,"href":"https:\/\/2006.justiciaparaoaxaca.net\/index.php?rest_route=\/wp\/v2\/posts\/4148\/revisions"}],"predecessor-version":[{"id":4152,"href":"https:\/\/2006.justiciaparaoaxaca.net\/index.php?rest_route=\/wp\/v2\/posts\/4148\/revisions\/4152"}],"wp:attachment":[{"href":"https:\/\/2006.justiciaparaoaxaca.net\/index.php?rest_route=%2Fwp%2Fv2%2Fmedia&parent=4148"}],"wp:term":[{"taxonomy":"category","embeddable":true,"href":"https:\/\/2006.justiciaparaoaxaca.net\/index.php?rest_route=%2Fwp%2Fv2%2Fcategories&post=4148"},{"taxonomy":"post_tag","embeddable":true,"href":"https:\/\/2006.justiciaparaoaxaca.net\/index.php?rest_route=%2Fwp%2Fv2%2Ftags&post=4148"}],"curies":[{"name":"wp","href":"https:\/\/api.w.org\/{rel}","templated":true}]}}