{"id":902,"date":"2006-10-05T23:59:48","date_gmt":"2006-10-05T23:59:48","guid":{"rendered":"https:\/\/2006.justiciaparaoaxaca.net\/?p=902"},"modified":"2013-01-22T20:24:01","modified_gmt":"2013-01-22T20:24:01","slug":"nueva-reunion","status":"publish","type":"post","link":"https:\/\/2006.justiciaparaoaxaca.net\/?p=902","title":{"rendered":"Nueva reuni\u00f3n"},"content":{"rendered":"<p><strong>SEGOB se reunir\u00e1 hoy con APPO y Magisterio<\/strong><\/p>\n<p>La SEGOB, se reunir\u00e1 este jueves a las l0:00 con la APPO y el magisterio a invitaci\u00f3n de la dependencia federal. En la mesa de dialogo con sectores de la sociedad oaxaque\u00f1a se integr\u00f3 una comisi\u00f3n que no se dio a conocer oficialmente, que este jueves se reunir\u00e1 con Carlos Abascal a las 9 de la ma\u00f1ana para consultar a la APPO y\u00a0 a los maestros si permiten que est\u00e9n presentes.<\/p>\n<p><!--more--><\/p>\n<p>Los integrantes son Gabino Cu\u00e9 por Convergencia, Genaro V\u00e1squez Colmenares,\u00a0 Avelino Soriano, empresario, el experredista H\u00e9ctor S\u00e1nchez por el sector campesino, el panista Carlos Moreno Alc\u00e1ntara, Jos\u00e9 Arnaud, representante de asociaciones religiosas y el senador del PRI Adolfo Toledo, as\u00ed como un delegado de las asociaciones de transportistas por definir. Flavio Sosa, dirigente de la APPO, confirmo que asistir\u00e1n pero de entrada considero que el Foro instalado este mi\u00e9rcoles por Gobernaci\u00f3n \u00abfue un fracaso\u00bb, fue un monologo del poder entre priistas y panistas, pues se salieron intelectuales como Francisco Toledo y los l\u00edderes ind\u00edgenas (Adelfo Regino, Joel Aquino, Aldo Gonz\u00e1lez, Roselia Guti\u00e9rrez), estos simpatizantes del Movimiento Popular, se levantaron de la mesa, dejando en claro que en vista de que dos actores centrales del di\u00e1logo la Secci\u00f3n 22 del SNTE , y la APPO, no est\u00e1n presentes, nos vemos obligados a retirarnos. Hab\u00eda en la mesa 110 participantes, de ellos los de Cocentro y Hoteleros ped\u00edan el uso de la Fuerza P\u00fablica.<\/p>\n<p>Se propuso establecer la figura de revocaci\u00f3n de mandato, plebiscito, ajustes legales en materia de derechos humanos, seguridad p\u00fablica y procuraci\u00f3n de justicia, educaci\u00f3n y transparencia. Sugiere adem\u00e1s SEGOB, integrar ya\u00a0 averiguaciones previas y deslindar responsabilidades en actos contra ciudadanos y relevos de puestos p\u00fablicos claves en la administraci\u00f3n estatal, como seguridad p\u00fablica, Procuradur\u00eda estatal as\u00ed c\u00f3mo retiro de barricadas y entrega de radio difusoras, devolver veh\u00edculos, libre tr\u00e1nsito de personas, inicio de ciclo escolar, liberar oficinas p\u00fablicas y cese de hostilidades.<\/p>\n<p>Fuente: El Universal (4 de octubre del 2006), NOTICIAS 5 de Octubre, portada.<\/p>\n<p>&nbsp;<\/p>\n","protected":false},"excerpt":{"rendered":"<p>SEGOB se reunir\u00e1 hoy con APPO y Magisterio La SEGOB, se reunir\u00e1 este jueves a las l0:00 con la APPO y el magisterio a invitaci\u00f3n de la dependencia federal. En la mesa de dialogo con sectores de la sociedad oaxaque\u00f1a &hellip;<\/p>\n<p class=\"read-more\"> <a class=\"more-link\" href=\"https:\/\/2006.justiciaparaoaxaca.net\/?p=902\"> <span class=\"screen-reader-text\">Nueva reuni\u00f3n<\/span> Leer m\u00e1s \u00bb<\/a><\/p>\n","protected":false},"author":2,"featured_media":0,"comment_status":"closed","ping_status":"closed","sticky":false,"template":"","format":"standard","meta":{"footnotes":""},"categories":[16,1,3,100],"tags":[50,40,61,33],"class_list":["post-902","post","type-post","status-publish","format-standard","hentry","category-16","category-archivo","category-cronologias","category-octubre","tag-appo","tag-gobierno-federal","tag-movimiento-social","tag-seccion-22"],"_links":{"self":[{"href":"https:\/\/2006.justiciaparaoaxaca.net\/index.php?rest_route=\/wp\/v2\/posts\/902","targetHints":{"allow":["GET"]}}],"collection":[{"href":"https:\/\/2006.justiciaparaoaxaca.net\/index.php?rest_route=\/wp\/v2\/posts"}],"about":[{"href":"https:\/\/2006.justiciaparaoaxaca.net\/index.php?rest_route=\/wp\/v2\/types\/post"}],"author":[{"embeddable":true,"href":"https:\/\/2006.justiciaparaoaxaca.net\/index.php?rest_route=\/wp\/v2\/users\/2"}],"replies":[{"embeddable":true,"href":"https:\/\/2006.justiciaparaoaxaca.net\/index.php?rest_route=%2Fwp%2Fv2%2Fcomments&post=902"}],"version-history":[{"count":5,"href":"https:\/\/2006.justiciaparaoaxaca.net\/index.php?rest_route=\/wp\/v2\/posts\/902\/revisions"}],"predecessor-version":[{"id":904,"href":"https:\/\/2006.justiciaparaoaxaca.net\/index.php?rest_route=\/wp\/v2\/posts\/902\/revisions\/904"}],"wp:attachment":[{"href":"https:\/\/2006.justiciaparaoaxaca.net\/index.php?rest_route=%2Fwp%2Fv2%2Fmedia&parent=902"}],"wp:term":[{"taxonomy":"category","embeddable":true,"href":"https:\/\/2006.justiciaparaoaxaca.net\/index.php?rest_route=%2Fwp%2Fv2%2Fcategories&post=902"},{"taxonomy":"post_tag","embeddable":true,"href":"https:\/\/2006.justiciaparaoaxaca.net\/index.php?rest_route=%2Fwp%2Fv2%2Ftags&post=902"}],"curies":[{"name":"wp","href":"https:\/\/api.w.org\/{rel}","templated":true}]}}