{"id":913,"date":"2006-10-08T18:02:27","date_gmt":"2006-10-08T18:02:27","guid":{"rendered":"https:\/\/2006.justiciaparaoaxaca.net\/?p=913"},"modified":"2013-01-22T21:56:21","modified_gmt":"2013-01-22T21:56:21","slug":"fuera-ejercito-y-marina","status":"publish","type":"post","link":"https:\/\/2006.justiciaparaoaxaca.net\/?p=913","title":{"rendered":"Fuera ej\u00e9rcito y marina"},"content":{"rendered":"<p><strong>Rechazan maestros <em>devolver<\/em> Oaxaca; exigen que Ej\u00e9rcito y Marina regresen a cuarteles<\/strong><\/p>\n<p>La asamblea estatal de la secci\u00f3n 22 del Sindicato Nacional de Trabajadores de la Educaci\u00f3n acord\u00f3 esta noche rechazar la propuesta de la Secretar\u00eda de Gobernaci\u00f3n para resolver el conflicto en el estado, que pasaba por la \u00abentrega\u00bb de la ciudad y la vigilancia de la Polic\u00eda Federal Preventiva, a cambio de la destituci\u00f3n de varios funcionarios estatales, aunque decidi\u00f3 acudir a la reuni\u00f3n el lunes con el titular de la dependencia, Carlos Abascal, con una \u00abcontrapropuesta\u00bb que ser\u00e1 redactada este domingo junto con la Asamblea Popular de los Pueblos de Oaxaca (APPO).<\/p>\n<p><!--more--><\/p>\n<p>En conferencia de prensa para dar a conocer los acuerdos de la asamblea, el l\u00edder seccional, Enrique Rueda Pacheco, tambi\u00e9n expres\u00f3, en nombre del magisterio oaxaque\u00f1o, la demanda de que el Ej\u00e9rcito y la Marina \u00abregresen a sus cuarteles, para que el proceso de negociaci\u00f3n pueda llevarse en los mejores t\u00e9rminos. Que permitan que sea la pol\u00edtica la que resuelva el conflicto\u00bb, que pasa \u00abpor la renuncia del se\u00f1or Ulises Ruiz Ortiz\u00bb. Tambi\u00e9n inform\u00f3 del resolutivo que rechaza la aplicaci\u00f3n del plan de operaciones\u00a0<em>Hierro,<\/em>\u00a0con el que se \u00abintenta reprimir el movimiento, mediante una incursi\u00f3n policiaco-militar\u00bb.<\/p>\n<p>Asimismo, rechaz\u00f3 cualquier v\u00ednculo con el asesinato del profesor de matem\u00e1ticas Jaime Ren\u00e9 Calvo Arag\u00f3n, cuya inhumaci\u00f3n se realiz\u00f3 ayer en el Pante\u00f3n General de esta capital, en medio de nuevos se\u00f1alamientos del Consejo Central de Lucha (CCL) en el sentido de que la secci\u00f3n 22 estuvo involucrada en el crimen, que -insistieron- alent\u00f3 mediante una \u00abcampa\u00f1a de linchamiento en nuestra contra desde las estaciones de radio que tienen\u00a0<em>tomadas<\/em>\u00ab.Rueda Pacheco argument\u00f3 que el movimiento social \u00absiempre ha privilegiado el debate como forma de confrontar los puntos de vista, por lo que rechaza el uso de la violencia, y nos deslindamos del asesinato lamentable del profesor Calvo Arag\u00f3n.<\/p>\n<p>No es un distintivo de nuestro movimiento resolver los conflictos con la violencia, y menos con la sa\u00f1a con que se asesin\u00f3 al compa\u00f1ero. Exigiremos el esclarecimiento de este crimen al secretario de Gobernaci\u00f3n\u00bb. Otro de los acuerdos de la asamblea, que ratific\u00f3 el voto de confianza a la comisi\u00f3n \u00fanica negociadora -integrada por 14 l\u00edderes del SNTE, y en la que participan otros 14 de la APPO-, fue dejar claro que el regreso de los 70 mil maestros a clases ser\u00e1 valorada despu\u00e9s de la negociaci\u00f3n con la Secretar\u00eda de Gobernaci\u00f3n y previa consulta a la base.<\/p>\n<p>Explic\u00f3 que la propuesta de Abascal fue rechazada porque deja algunos vac\u00edos en la respuesta a demandas sociales, educativas y de derechos humanos, que ser\u00e1n incluidas en la contrapropuesta que se llevar\u00e1 el lunes a Bucareli. En suma, dijo que la asamblea se pronunci\u00f3 por asistir al di\u00e1logo, pero ello \u00abno implica que retiremos de la mesa la exigencia de que renuncie el se\u00f1or Ulises Ruiz\u00bb, gobernador del estado. Adem\u00e1s, los profesores decidieron no acudir al encuentro que este domingo -al mediod\u00eda- sostendr\u00e1 una representaci\u00f3n de Gobernaci\u00f3n con empresarios y l\u00edderes pol\u00edticos en esta ciudad.<\/p>\n<p>Fuente: Enrique M\u00e9ndez, Octavio V\u00e9lez, La Jornada en Internet,<\/p>\n<p><a href=\"http:\/\/www.jornada.unam.mx\/2006\/10\/08\/index.php?section=politica&amp;article=007n1pol\">http:\/\/www.jornada.unam.mx\/2006\/10\/08\/index.php?section=politica&amp;article=007n1pol<\/a> 23\/11\/2011<\/p>\n<p><!--more--><\/p>\n<p>&nbsp;<\/p>\n<p>&nbsp;<\/p>\n","protected":false},"excerpt":{"rendered":"<p>Rechazan maestros devolver Oaxaca; exigen que Ej\u00e9rcito y Marina regresen a cuarteles La asamblea estatal de la secci\u00f3n 22 del Sindicato Nacional de Trabajadores de la Educaci\u00f3n acord\u00f3 esta noche rechazar la propuesta de la Secretar\u00eda de Gobernaci\u00f3n para resolver &hellip;<\/p>\n<p class=\"read-more\"> <a class=\"more-link\" href=\"https:\/\/2006.justiciaparaoaxaca.net\/?p=913\"> <span class=\"screen-reader-text\">Fuera ej\u00e9rcito y marina<\/span> Leer m\u00e1s \u00bb<\/a><\/p>\n","protected":false},"author":2,"featured_media":0,"comment_status":"closed","ping_status":"closed","sticky":false,"template":"","format":"standard","meta":{"footnotes":""},"categories":[16,1,3,100],"tags":[76,40,64,61,33],"class_list":["post-913","post","type-post","status-publish","format-standard","hentry","category-16","category-archivo","category-cronologias","category-octubre","tag-ejercito","tag-gobierno-federal","tag-ingobernabilidad","tag-movimiento-social","tag-seccion-22"],"_links":{"self":[{"href":"https:\/\/2006.justiciaparaoaxaca.net\/index.php?rest_route=\/wp\/v2\/posts\/913","targetHints":{"allow":["GET"]}}],"collection":[{"href":"https:\/\/2006.justiciaparaoaxaca.net\/index.php?rest_route=\/wp\/v2\/posts"}],"about":[{"href":"https:\/\/2006.justiciaparaoaxaca.net\/index.php?rest_route=\/wp\/v2\/types\/post"}],"author":[{"embeddable":true,"href":"https:\/\/2006.justiciaparaoaxaca.net\/index.php?rest_route=\/wp\/v2\/users\/2"}],"replies":[{"embeddable":true,"href":"https:\/\/2006.justiciaparaoaxaca.net\/index.php?rest_route=%2Fwp%2Fv2%2Fcomments&post=913"}],"version-history":[{"count":5,"href":"https:\/\/2006.justiciaparaoaxaca.net\/index.php?rest_route=\/wp\/v2\/posts\/913\/revisions"}],"predecessor-version":[{"id":3527,"href":"https:\/\/2006.justiciaparaoaxaca.net\/index.php?rest_route=\/wp\/v2\/posts\/913\/revisions\/3527"}],"wp:attachment":[{"href":"https:\/\/2006.justiciaparaoaxaca.net\/index.php?rest_route=%2Fwp%2Fv2%2Fmedia&parent=913"}],"wp:term":[{"taxonomy":"category","embeddable":true,"href":"https:\/\/2006.justiciaparaoaxaca.net\/index.php?rest_route=%2Fwp%2Fv2%2Fcategories&post=913"},{"taxonomy":"post_tag","embeddable":true,"href":"https:\/\/2006.justiciaparaoaxaca.net\/index.php?rest_route=%2Fwp%2Fv2%2Ftags&post=913"}],"curies":[{"name":"wp","href":"https:\/\/api.w.org\/{rel}","templated":true}]}}